{"id":6306,"date":"2014-02-06T21:49:09","date_gmt":"2014-02-06T21:49:09","guid":{"rendered":"http:\/\/www.remiglobetrotte.com\/?p=6306"},"modified":"2014-02-06T21:49:09","modified_gmt":"2014-02-06T21:49:09","slug":"prague-portrait-sombre-dune-ville-eclatante","status":"publish","type":"post","link":"https:\/\/remiglobetrotte.com\/new\/?p=6306","title":{"rendered":"Prague, portrait sombre d&#8217;une ville \u00e9clatante."},"content":{"rendered":"<p>[photogrid ids=&#8221;6308,6351,6350,6349,6348,6347,6346,6345,6344,6343,6342,6341,6340,6339,6338,6337,6336,6335,6334,6333,6332,6331,6330,6329,6328,6327,6326,6325,6324,6323,6322,6321,6320,6319,6318,6317,6316,6315,6314,6313,6312,6311,6310,6309&#8243; captions=&#8221;yes&#8221; columns=&#8221;two&#8221; fullwidth=&#8221;yes&#8221; ]<\/p>\n<p>Et non pas un grand voyage mais une promenade de 3 jours \u00e0 Prague pour aller voir mon fr\u00e8re qui vit l\u00e0-bas. On m&#8217;avait pr\u00e9venu que la ville \u00e9tait belle mais j&#8217;ai vraiment \u00e9t\u00e9 impressionn\u00e9 par le charme et la beaut\u00e9 de la ville. Un caract\u00e8re gothique, mais rien n&#8217;a \u00e9t\u00e9 d\u00e9truit, tout est encore l\u00e0 et la ville n&#8217;a aucunement souffert des diff\u00e9rentes guerres. Certes beaucoup de touristes, peu de tch\u00e8ques parait-il mais on comprend pourquoi tellement on a l&#8217;impression de se balader dans un mus\u00e9e g\u00e9ant.<\/p>\n<p>On loge dans un grand appart pr\u00e8s de Mustek. Il fait froid, il y a de la neige et presque personne dans les rues par rapport \u00e0 d&#8217;habitude. Mon fr\u00e8re hallucine de voir si peu de monde et nous dit qu&#8217;on a bien de la chance d&#8217;avoir presque personne sur les photos. Mais l&#8217;hiver ici est brumeux, ciel gris tous les jours et c&#8217;est pour cette raison que j&#8217;ai pass\u00e9 une bonne partie des photos en noir et blanc.<\/p>\n<p>Les journ\u00e9es sont courtes, on d\u00e9ambule dans les petites ruelles, le grand pont Charles, l&#8217;horloge astronomique, le ch\u00e2teau, le vieux quartier, le quartier juif etc&#8230; en oubliant pas la pause bi\u00e8re pas ch\u00e8re !<\/p>\n","protected":false},"excerpt":{"rendered":"<p>[photogrid ids=&#8221;6308,6351,6350,6349,6348,6347,6346,6345,6344,6343,6342,6341,6340,6339,6338,6337,6336,6335,6334,6333,6332,6331,6330,6329,6328,6327,6326,6325,6324,6323,6322,6321,6320,6319,6318,6317,6316,6315,6314,6313,6312,6311,6310,6309&#8243; captions=&#8221;yes&#8221; columns=&#8221;two&#8221; fullwidth=&#8221;yes&#8221; ] Et non pas un grand voyage mais une promenade de 3 jours \u00e0 Prague pour aller voir mon fr\u00e8re qui vit l\u00e0-bas. On m&#8217;avait pr\u00e9venu que la ville \u00e9tait belle mais j&#8217;ai vraiment \u00e9t\u00e9 impressionn\u00e9 par le charme et la beaut\u00e9 de la ville. Un caract\u00e8re gothique, mais rien &#8230;<\/p>\n","protected":false},"author":1,"featured_media":6351,"comment_status":"open","ping_status":"open","sticky":false,"template":"","format":"standard","meta":{"_acf_changed":false,"loftocean_post_format_gallery":"","loftocean_post_format_gallery_ids":"","loftocean_post_format_gallery_urls":"","loftocean_post_format_video_id":0,"loftocean_post_format_video_url":"","loftocean_post_format_video_type":"","loftocean_post_format_video":"","loftocean_post_format_audio_type":"","loftocean_post_format_audio_url":"","loftocean_post_format_audio_id":0,"loftocean_post_format_audio":"","loftocean-featured-post":"","loftocean-like-count":0,"loftocean-view-count":101,"loftocean-enable-content-navigation":"","loftocean-content-navigation-position":"","loftocean-content-navigation-heading":"","loftocean-content-navigation-label":"","loftocean-content-navigation-icon":"","loftocean-map-location":"","loftocean-map-latlng":"","loftocean-map-auto-latlng":"","eaven_single_post_hide_thumbnail":"","eaven_single_post_template":"","eaven_single_post_sidebar":"","eaven_hide_before_page_content_ad":"","eaven_hide_after_page_content_ad":"","eaven_advanced_classname":"","footnotes":""},"categories":[41,3,57],"tags":[],"class_list":["post-6306","post","type-post","status-publish","format-standard","has-post-thumbnail","category-carnets-de-voyage","category-europe","category-republique-tcheque"],"acf":[],"_links":{"self":[{"href":"https:\/\/remiglobetrotte.com\/new\/index.php?rest_route=\/wp\/v2\/posts\/6306","targetHints":{"allow":["GET"]}}],"collection":[{"href":"https:\/\/remiglobetrotte.com\/new\/index.php?rest_route=\/wp\/v2\/posts"}],"about":[{"href":"https:\/\/remiglobetrotte.com\/new\/index.php?rest_route=\/wp\/v2\/types\/post"}],"author":[{"embeddable":true,"href":"https:\/\/remiglobetrotte.com\/new\/index.php?rest_route=\/wp\/v2\/users\/1"}],"replies":[{"embeddable":true,"href":"https:\/\/remiglobetrotte.com\/new\/index.php?rest_route=%2Fwp%2Fv2%2Fcomments&post=6306"}],"version-history":[{"count":0,"href":"https:\/\/remiglobetrotte.com\/new\/index.php?rest_route=\/wp\/v2\/posts\/6306\/revisions"}],"wp:attachment":[{"href":"https:\/\/remiglobetrotte.com\/new\/index.php?rest_route=%2Fwp%2Fv2%2Fmedia&parent=6306"}],"wp:term":[{"taxonomy":"category","embeddable":true,"href":"https:\/\/remiglobetrotte.com\/new\/index.php?rest_route=%2Fwp%2Fv2%2Fcategories&post=6306"},{"taxonomy":"post_tag","embeddable":true,"href":"https:\/\/remiglobetrotte.com\/new\/index.php?rest_route=%2Fwp%2Fv2%2Ftags&post=6306"}],"curies":[{"name":"wp","href":"https:\/\/api.w.org\/{rel}","templated":true}]}}