{"id":8568,"date":"2017-05-11T16:44:15","date_gmt":"2017-05-11T16:44:15","guid":{"rendered":"http:\/\/www.remiglobetrotte.com\/?p=8568"},"modified":"2017-05-11T16:44:15","modified_gmt":"2017-05-11T16:44:15","slug":"arrives-au-montenegro","status":"publish","type":"post","link":"https:\/\/remiglobetrotte.com\/new\/?p=8568","title":{"rendered":"Arriv\u00e9s au Mont\u00e9n\u00e9gro !"},"content":{"rendered":"<div>Apr\u00e8s une premi\u00e8re tentative rat\u00e9e, l&#8217;avion se pose finalement \u00e0 l&#8217;a\u00e9roport de Dubrovnik, on a donc eu l&#8217;occasion de survoler la perle des Balkans que l&#8217;on viendra visiter \u00e0 la fin de notre voyage, dans 10 jours. Pour le moment c&#8217;est r\u00e9cup\u00e9ration de notre petite voiture, et zou, direction la fronti\u00e8re du Mont\u00e9n\u00e9gro ! Sortie de Croatie, check, tampon d&#8217;entr\u00e9e au Mont\u00e9n\u00e9gro, re-check !<\/div>\n<div><\/div>\n<div>Premi\u00e8re \u00e9tape, rejoindre notre petit appartement avec vue sur la mer Adriatique pr\u00e8s de Herceg Novi. On visite d&#8217;abord le centre de cette charmante petite ville, des petits chats partout, des couleurs vives, toujours une belle \u00e9glise un peu en ruine et des points de vue chouettes sur la mer, pas de doute on est dans les Balkans et l&#8217;ambiance me rappelle vite cette de Croatie&#8230;<\/div>\n<div>Il est d\u00e9j\u00e0 un peu tard et le soleil va pas tarder \u00e0 se coucher alors on cherche un point de vue un peu en hauteur pour en profiter. Escapade en voiture le long de la baie de Kotor, on identifie une ruine en hauteur mais une fois arriv\u00e9e, c&#8217;est plut\u00f4t Deception Point, pas de vue et le soleil disparait. On redescend par une route d\u00e9fonc\u00e9e, tout en mini-lacets, tr\u00e8s raide mais avec une vue magnifique sur la baie et le village de Risan qui commence \u00e0 s&#8217;\u00e9clairer. Finalement ce sera petites courses et d\u00eener sur la terrasse !<\/div>\n<div><\/div>\n<div>A suivre&#8230;<\/div>\n<div><\/div>\n<div>[photogrid ids=&#8221;8579,8574,8577&#8243; captions=&#8221;yes&#8221; columns=&#8221;two&#8221; fullwidth=&#8221;yes&#8221; ]]<\/div>\n<div><\/div>\n<div><\/div>\n","protected":false},"excerpt":{"rendered":"<p>Apr\u00e8s une premi\u00e8re tentative rat\u00e9e, l&#8217;avion se pose finalement \u00e0 l&#8217;a\u00e9roport de Dubrovnik, on a donc eu l&#8217;occasion de survoler la perle des Balkans que l&#8217;on viendra visiter \u00e0 la fin de notre voyage, dans 10 jours. Pour le moment c&#8217;est r\u00e9cup\u00e9ration de notre petite voiture, et zou, direction la fronti\u00e8re du Mont\u00e9n\u00e9gro ! Sortie &#8230;<\/p>\n","protected":false},"author":1,"featured_media":8574,"comment_status":"open","ping_status":"open","sticky":false,"template":"","format":"standard","meta":{"_acf_changed":false,"loftocean_post_format_gallery":"","loftocean_post_format_gallery_ids":"","loftocean_post_format_gallery_urls":"","loftocean_post_format_video_id":0,"loftocean_post_format_video_url":"","loftocean_post_format_video_type":"","loftocean_post_format_video":"","loftocean_post_format_audio_type":"","loftocean_post_format_audio_url":"","loftocean_post_format_audio_id":0,"loftocean_post_format_audio":"","loftocean-featured-post":"","loftocean-like-count":0,"loftocean-view-count":128,"loftocean-enable-content-navigation":"","loftocean-content-navigation-position":"","loftocean-content-navigation-heading":"","loftocean-content-navigation-label":"","loftocean-content-navigation-icon":"","loftocean-map-location":"","loftocean-map-latlng":"","loftocean-map-auto-latlng":"","eaven_single_post_hide_thumbnail":"","eaven_single_post_template":"","eaven_single_post_sidebar":"","eaven_hide_before_page_content_ad":"","eaven_hide_after_page_content_ad":"","eaven_advanced_classname":"","footnotes":""},"categories":[3,50],"tags":[],"class_list":["post-8568","post","type-post","status-publish","format-standard","has-post-thumbnail","category-europe","category-montenegro"],"acf":[],"_links":{"self":[{"href":"https:\/\/remiglobetrotte.com\/new\/index.php?rest_route=\/wp\/v2\/posts\/8568","targetHints":{"allow":["GET"]}}],"collection":[{"href":"https:\/\/remiglobetrotte.com\/new\/index.php?rest_route=\/wp\/v2\/posts"}],"about":[{"href":"https:\/\/remiglobetrotte.com\/new\/index.php?rest_route=\/wp\/v2\/types\/post"}],"author":[{"embeddable":true,"href":"https:\/\/remiglobetrotte.com\/new\/index.php?rest_route=\/wp\/v2\/users\/1"}],"replies":[{"embeddable":true,"href":"https:\/\/remiglobetrotte.com\/new\/index.php?rest_route=%2Fwp%2Fv2%2Fcomments&post=8568"}],"version-history":[{"count":0,"href":"https:\/\/remiglobetrotte.com\/new\/index.php?rest_route=\/wp\/v2\/posts\/8568\/revisions"}],"wp:attachment":[{"href":"https:\/\/remiglobetrotte.com\/new\/index.php?rest_route=%2Fwp%2Fv2%2Fmedia&parent=8568"}],"wp:term":[{"taxonomy":"category","embeddable":true,"href":"https:\/\/remiglobetrotte.com\/new\/index.php?rest_route=%2Fwp%2Fv2%2Fcategories&post=8568"},{"taxonomy":"post_tag","embeddable":true,"href":"https:\/\/remiglobetrotte.com\/new\/index.php?rest_route=%2Fwp%2Fv2%2Ftags&post=8568"}],"curies":[{"name":"wp","href":"https:\/\/api.w.org\/{rel}","templated":true}]}}